{"id":11848,"date":"2025-04-12T16:46:09","date_gmt":"2025-04-12T15:46:09","guid":{"rendered":"https:\/\/radioromanoavazo.com\/?p=11848"},"modified":"2025-04-12T16:46:09","modified_gmt":"2025-04-12T15:46:09","slug":"lafipe-kotar-pernjardi-fugura-hysni-qylangji","status":"publish","type":"post","link":"https:\/\/radioromanoavazo.com\/en\/aktualune-nevipya\/lafipe-kotar-pernjardi-fugura-hysni-qylangji\/","title":{"rendered":"Lafipe kotar pernjardi fugura Hysni Qylangji"},"content":{"rendered":"<p>Ani akademia e 8.to aprileski sine ververutne intelekutya thay penjarde figure yekh olendar sine vi o r.Hysni Qylangji kote pere lafipa thay janipa barbakergya o eventi may tele shay te dikhen o lafipe kotar o Hysni Qylangji.<\/p>\n<p>Raynalen thay Rayalen,<\/p>\n<p>La\u0107ho dive, thay shukar siyen ale!<\/p>\n<p>Ani akaja Solemyuni Akademiya, kova adikargyola ano Prizrenosko Komunako Kher, mashkarselikano dive \u2013 8-to Aprili \u2013 Sima pativ te bahtakarav Sherutne ra!i Shaqir Totay, pere stafeya, thay ra!i Fatmir Menekshe, kova organizirinen akava solemyuno aktiviteti.<\/p>\n<p>Vi tumen, kola siyen ani akaja Solemyuni Akademiya, tana bistara niyekh ver amare vasne manushen kola dendey poro kontributi ano Kulturako Artistikano Amalipe \u201cDurmish Aslano\u201d.<\/p>\n<p>Intelektualo Iniciyatori vash te putargyol Kulturako Artistikano Amalipe \u201cDurmish Aslano\u201d sine o prof. Albanikana Qhibyako Nysret Seharsoyi, kova kergya buti vash emancipacia thay afirmacia, ov sumbyargya o darinya romane amalipesko.<\/p>\n<p>Salaydin Shalyani, manush kova mothagya fokloruno terzimahalake khelipya ani skena juvlane horra \u2013 koreografikuni folklori \u2013 kova ov mothagya, panda khelena amare qhaja thay qhave \u201cAh be Devla so kergyan\u201d, thay ponj tarabuke.<\/p>\n<p>Prof. Ibrahim Elshani, pedagogo \u2013 angluni ver hramingya bilteni \u201cRomano Alav\u201d gendo 1 ko bersh 1972 \u2013 riqhibyargya but pustikya. Palo marebe, ko bersh 2003, angluni ver redaktori romani qhibyako ano \u201cYeni Donem\u201d, redaktori ano radio Prizren, TV redaktori romani qhibyako \u201cYekhipe\u201d ano nacionaluni televizija RTK, dhe magazina pe romani-albanyuni qhib \u201cYekhipe\u201d.<\/p>\n<p>Yuristi Shaban Berisha \u2013 dengya poro anglashipe kova savaht sine amenca kana sinamen kriseske puqipya ano Kulturako Artistikano Amalipe \u201cDurmish Aslano\u201d.<\/p>\n<p>Prof. Kujtim Pacaku \u2013 poeti, aktori, romologi, shurnalisti, deputeti \u2013 hramingya romani poezije, hramingya \u201cLAVUSTIKORRI\u201d ano shov qhibya thay but aver hramipipaske ediciye. Redaktori ano radio \u201cYeni Donem\u201d dhe formiringya okteti e purane gilenca kola gilavdiley angleder 200-vay 300 bersha.<\/p>\n<p>Prof. Nexhip Menekshe \u2013 pinjardo aktivisti, dramaturgi, hramingya drame pe romani qhib. Kergya buti sar jurnalisti ano lokaluno radio \u201cYeni Donem\u201d dhe radio pe romani qhib \u201cYekhipe\u201d ano radio Prizreno. Thaj sikavno e romana qhibyak. Ko bersh 2007, shrdela te transmetuingyol lokaluno radio pe romani qhib Radio \u201cRomano Avazo\u201d, kova vi adisutne diveste kerela buti 24\/7 orya ano kurko.<\/p>\n<p>Bahtalo Mashkarselikano Dive e Romengo \u2013 8-to Aprili.<\/p>\n<p>Poezia: AMARI ALFABETA<\/p>\n<p>A\u015bunen, Rromalen.<br \/>\nBut la\u0107o akava nevipe,<br \/>\nCirdel amen i amari alfabeta.<br \/>\n\u0106a\u0107e te halova jekh\u00e0veres,<br \/>\n\u0106hava!len, \u0106haja!len, pe sa o sundal.<\/p>\n<p>Daj si amenqe i qhib rromani,<br \/>\nE rromen oj parvarda but \u015belber\u015ba.<br \/>\nFilatin si laqe, khetani alfabeta,<br \/>\nGudle sar la\u03b8e akala patrana.<\/p>\n<p>Hur\u01cel akana amari \u0106hib,<br \/>\nXasardilo o tamlipen e rat\u01ceqo.<br \/>\nI d\u00f9ma rromani sastili,<br \/>\nJavin dudvali laqe disjali.<\/p>\n<p>Kuna si akaja alfabeta,<br \/>\nKher si oj amara qhib\u01ceqe.<br \/>\nLake patrana si sumnakaj,<br \/>\nMirikle amare gilenqi.<\/p>\n<p>Nane vaver \u0106orroni amenqe,<br \/>\nO po baro barvalipe i \u0106hib isi.<br \/>\nPativ si amenqe te lekhas la,<br \/>\nPherdo amaro ilo, ovel plain.<\/p>\n<p>Rundam but ber\u015ba e ja\u015bina\u03b8ar,<br \/>\nRromalen dikhas anglal akana.<br \/>\nSar so o avera vi amen avdives,<br \/>\n\u015aaj i \u0106hib amari te lekhas.<\/p>\n<p>Tati bokoli si i d\u00f9ma rromani,<br \/>\nThaj laqi muzika lo\u015brel amen.<br \/>\nUr\u01cevas la akla patranen\u00e7ar,<br \/>\nZabades nane, phrala!len.<\/p>\n<p>\u0179alune \u0106a\u0107e s\u00f9rte sinam,<br \/>\n\u01b7anipen s\u00f9rte kamas.<br \/>\nI alfabeta amari ka siklovas.<\/p>","protected":false},"excerpt":{"rendered":"<p>Ani akademia e 8.to aprileski sine ververutne intelekutya thay penjarde figure yekh olendar sine vi o r.Hysni Qylangji kote pere lafipa thay janipa barbakergya o eventi may tele shay te dikhen o lafipe kotar o Hysni Qylangji. Raynalen thay Rayalen, La\u0107ho dive, thay shukar siyen ale! Ani akaja Solemyuni Akademiya, kova adikargyola ano Prizrenosko Komunako&#8230;<\/p>","protected":false},"author":1,"featured_media":11849,"comment_status":"open","ping_status":"open","sticky":false,"template":"","format":"standard","meta":{"footnotes":""},"categories":[1],"tags":[],"class_list":["post-11848","post","type-post","status-publish","format-standard","has-post-thumbnail","hentry","category-aktualune-nevipya"],"aioseo_notices":[],"_links":{"self":[{"href":"https:\/\/radioromanoavazo.com\/en\/wp-json\/wp\/v2\/posts\/11848","targetHints":{"allow":["GET"]}}],"collection":[{"href":"https:\/\/radioromanoavazo.com\/en\/wp-json\/wp\/v2\/posts"}],"about":[{"href":"https:\/\/radioromanoavazo.com\/en\/wp-json\/wp\/v2\/types\/post"}],"author":[{"embeddable":true,"href":"https:\/\/radioromanoavazo.com\/en\/wp-json\/wp\/v2\/users\/1"}],"replies":[{"embeddable":true,"href":"https:\/\/radioromanoavazo.com\/en\/wp-json\/wp\/v2\/comments?post=11848"}],"version-history":[{"count":1,"href":"https:\/\/radioromanoavazo.com\/en\/wp-json\/wp\/v2\/posts\/11848\/revisions"}],"predecessor-version":[{"id":11850,"href":"https:\/\/radioromanoavazo.com\/en\/wp-json\/wp\/v2\/posts\/11848\/revisions\/11850"}],"wp:featuredmedia":[{"embeddable":true,"href":"https:\/\/radioromanoavazo.com\/en\/wp-json\/wp\/v2\/media\/11849"}],"wp:attachment":[{"href":"https:\/\/radioromanoavazo.com\/en\/wp-json\/wp\/v2\/media?parent=11848"}],"wp:term":[{"taxonomy":"category","embeddable":true,"href":"https:\/\/radioromanoavazo.com\/en\/wp-json\/wp\/v2\/categories?post=11848"},{"taxonomy":"post_tag","embeddable":true,"href":"https:\/\/radioromanoavazo.com\/en\/wp-json\/wp\/v2\/tags?post=11848"}],"curies":[{"name":"wp","href":"https:\/\/api.w.org\/{rel}","templated":true}]}}