{"id":13017,"date":"2025-09-29T08:23:09","date_gmt":"2025-09-29T07:23:09","guid":{"rendered":"https:\/\/radioromanoavazo.com\/?p=13017"},"modified":"2025-09-29T09:39:25","modified_gmt":"2025-09-29T08:39:25","slug":"bro-durmish-aslano-realizinla-yekh-kedipe-e-turkiyake-ukid-ea","status":"publish","type":"post","link":"https:\/\/radioromanoavazo.com\/en\/aktualune-nevipya\/bro-durmish-aslano-realizinla-yekh-kedipe-e-turkiyake-ukid-ea\/","title":{"rendered":"BRO Durmish Aslano realizinla yekh kedipe e Turkiyake UKID-ea"},"content":{"rendered":"<p>\ud835\udc01\ud835\udc11\ud835\udc0e \ud835\udc03\ud835\udc2e\ud835\udc2b\ud835\udc26\ud835\udc22\ud835\udc2c\ud835\udc21 \ud835\udc00\ud835\udc2c\ud835\udc25\ud835\udc1a\ud835\udc27\ud835\udc28 shukar ajukerdilo ano ambientya e UKID-eske \u2013 Mashkarselikane Avansipaski thay Khetanebutikeripaski Organizacia (Uluslararas\u0131 Kalk\u0131nma ve \u0130\u015fbirli\u011fi Derne\u011fi) ano Umraniye, Istambul.<\/p>\n<p>Pe lungipe e vizitako, sinemen baht te arakhahape e penjarde tukryune jurnalistea thay e hramarnea, r. \u015e\ud835\udc1e\ud835\udc1f\ud835\udc22\ud835\udc24 \ud835\udc0a\ud835\udc1a\ud835\udc27\ud835\udc2d\ud835\udc1a\ud835\udc2b, kova ulagya amencar vi pustika phande romenga historia thay kultura ani Turikia.<\/p>\n<p>Direktori e BRO \u201cDurmish Aslano\u201d, r. \ud835\udc05\ud835\udc1a\ud835\udc2d\ud835\udc26\ud835\udc22\ud835\udc2b \ud835\udc0c\ud835\udc1e\ud835\udc27\ud835\udc1e\ud835\udc24\ud835\udc2c\ud835\udc21\ud835\udc1e, ano anav e organizaciako dengyaole duy drame e autoreske \ud835\udc0d\ud835\udc1e\ud835\udc31\ud835\udc21\ud835\udc22\ud835\udc29 \ud835\udc0c\ud835\udc1e\ud835\udc27\ud835\udc1e\ud835\udc24\ud835\udc2c\ud835\udc21\ud835\udc1e, kola si irandi vi ani turkyuni qhib, sar simboli e kulturune phandipasko mashkaro komunitetya.<\/p>\n<p>UKID informingyamen vash o aktivitetya ani Mashkarselikani avansipaski thay khetanibutikeripaski umal, kote vi potencirisalo o mahatnipe e ledeipyenge zoralipesko mashkaro kulturune eksperiencengo ulavipe thay e organizativune nivelesko.<\/p>\n<p>Nays kera e UKID-eske vash o shukarajukeripe thay moldipe, vi ayekha e r. \u015e\ud835\udc1e\ud835\udc1f\ud835\udc22\ud835\udc24 \ud835\udc0a\ud835\udc1a\ud835\udc27\ud835\udc2d\ud835\udc1a\ud835\udc2b vash lesko kontributi kolea barvakerela e romani literature vash o romano komuniteti ani Turkia.<\/p>\n<p>&nbsp;<\/p>","protected":false},"excerpt":{"rendered":"<p>\ud835\udc01\ud835\udc11\ud835\udc0e \ud835\udc03\ud835\udc2e\ud835\udc2b\ud835\udc26\ud835\udc22\ud835\udc2c\ud835\udc21 \ud835\udc00\ud835\udc2c\ud835\udc25\ud835\udc1a\ud835\udc27\ud835\udc28 shukar ajukerdilo ano ambientya e UKID-eske \u2013 Mashkarselikane Avansipaski thay Khetanebutikeripaski Organizacia (Uluslararas\u0131 Kalk\u0131nma ve \u0130\u015fbirli\u011fi Derne\u011fi) ano Umraniye, Istambul. Pe lungipe e vizitako, sinemen baht te arakhahape e penjarde tukryune jurnalistea thay e hramarnea, r. \u015e\ud835\udc1e\ud835\udc1f\ud835\udc22\ud835\udc24 \ud835\udc0a\ud835\udc1a\ud835\udc27\ud835\udc2d\ud835\udc1a\ud835\udc2b, kova ulagya amencar vi pustika phande romenga historia thay kultura ani Turikia. Direktori e&#8230;<\/p>","protected":false},"author":1,"featured_media":13018,"comment_status":"open","ping_status":"open","sticky":false,"template":"","format":"standard","meta":{"footnotes":""},"categories":[1],"tags":[],"class_list":["post-13017","post","type-post","status-publish","format-standard","has-post-thumbnail","hentry","category-aktualune-nevipya"],"aioseo_notices":[],"_links":{"self":[{"href":"https:\/\/radioromanoavazo.com\/en\/wp-json\/wp\/v2\/posts\/13017","targetHints":{"allow":["GET"]}}],"collection":[{"href":"https:\/\/radioromanoavazo.com\/en\/wp-json\/wp\/v2\/posts"}],"about":[{"href":"https:\/\/radioromanoavazo.com\/en\/wp-json\/wp\/v2\/types\/post"}],"author":[{"embeddable":true,"href":"https:\/\/radioromanoavazo.com\/en\/wp-json\/wp\/v2\/users\/1"}],"replies":[{"embeddable":true,"href":"https:\/\/radioromanoavazo.com\/en\/wp-json\/wp\/v2\/comments?post=13017"}],"version-history":[{"count":2,"href":"https:\/\/radioromanoavazo.com\/en\/wp-json\/wp\/v2\/posts\/13017\/revisions"}],"predecessor-version":[{"id":13036,"href":"https:\/\/radioromanoavazo.com\/en\/wp-json\/wp\/v2\/posts\/13017\/revisions\/13036"}],"wp:featuredmedia":[{"embeddable":true,"href":"https:\/\/radioromanoavazo.com\/en\/wp-json\/wp\/v2\/media\/13018"}],"wp:attachment":[{"href":"https:\/\/radioromanoavazo.com\/en\/wp-json\/wp\/v2\/media?parent=13017"}],"wp:term":[{"taxonomy":"category","embeddable":true,"href":"https:\/\/radioromanoavazo.com\/en\/wp-json\/wp\/v2\/categories?post=13017"},{"taxonomy":"post_tag","embeddable":true,"href":"https:\/\/radioromanoavazo.com\/en\/wp-json\/wp\/v2\/tags?post=13017"}],"curies":[{"name":"wp","href":"https:\/\/api.w.org\/{rel}","templated":true}]}}