{"id":13091,"date":"2025-10-21T16:00:47","date_gmt":"2025-10-21T15:00:47","guid":{"rendered":"https:\/\/radioromanoavazo.com\/?p=13091"},"modified":"2025-10-21T16:00:47","modified_gmt":"2025-10-21T15:00:47","slug":"horo-ano-boro-vallezimi-ne-oborr-fiton-cmim-ne-berlin-nje-sukses-per-kulturen-dhe-artin-rom-nga-kosova","status":"publish","type":"post","link":"https:\/\/radioromanoavazo.com\/en\/aktualune-nevipya\/horo-ano-boro-vallezimi-ne-oborr-fiton-cmim-ne-berlin-nje-sukses-per-kulturen-dhe-artin-rom-nga-kosova\/","title":{"rendered":"\u201cHoro Ano Boro \/ Vall\u00ebzimi n\u00eb Oborr\u201d fiton \u00e7mim n\u00eb Berlin \u2013 Nj\u00eb sukses p\u00ebr kultur\u00ebn dhe artin rom nga Kosova"},"content":{"rendered":"<p>\u201cHoro Ano Boro \/ Vall\u00ebzimi n\u00eb Oborr\u201d fiton \u00e7mim n\u00eb Berlin \u2013 Nj\u00eb sukses p\u00ebr kultur\u00ebn dhe artin rom nga Kosova<\/p>\n<p>Filmi dokumentar \u201cHoro Ano Boro \/ Vall\u00ebzimi n\u00eb Oborr\u201d ka marr\u00eb \u00e7mim n\u00eb AKE DIKHEA? Festival 2025 n\u00eb Berlin, nj\u00eb prej festivaleve m\u00eb t\u00eb r\u00ebnd\u00ebsishme q\u00eb promovon artin dhe z\u00ebrat e komuniteteve rome n\u00eb Evrop\u00eb.<\/p>\n<p>Regjisori dhe p\u00ebrfaq\u00ebsuesi i Kosov\u00ebs, Benjamin Menekshe, ka shprehur mir\u00ebnjohje t\u00eb thell\u00eb ndaj organizator\u00ebve dhe drejtorit artistik t\u00eb festivalit, Hamze Bytyci, p\u00ebr vler\u00ebsimin dhe mund\u00ebsin\u00eb q\u00eb ky projekt t\u00eb prezantohet n\u00eb nj\u00eb sken\u00eb nd\u00ebrkomb\u00ebtare.<\/p>\n<p><em>\u201c\u00cbsht\u00eb nj\u00eb nder i madh t\u00eb p\u00ebrfaq\u00ebsoj Kosov\u00ebn dhe komunitetin rom k\u00ebtu n\u00eb Berlin. Fal\u00ebnderoj gjithashtu Ministrin\u00eb e Kultur\u00ebs, Rinis\u00eb dhe Sportit p\u00ebr mb\u00ebshtetjen dhe p\u00ebr mund\u00ebsin\u00eb q\u00eb z\u00ebri yn\u00eb t\u00eb d\u00ebgjohet n\u00eb k\u00ebt\u00eb sken\u00eb,\u201d<\/em> \u2013 u shpreh Menekshe.<\/p>\n<p>Sipas tij, \u201cHoro Ano Boro\u201d nuk \u00ebsht\u00eb vet\u00ebm nj\u00eb film, por nj\u00eb mesazh shprese p\u00ebr gjeneratat e reja dhe nj\u00eb kujtes\u00eb se kultura rome meriton hap\u00ebsir\u00ebn e saj n\u00eb artin bashk\u00ebkohor.<br \/>\nEdhe pse n\u00eb Kosov\u00eb ende mungon nj\u00eb sall\u00eb e dedikuar p\u00ebr artin rom, krijuesit vazhdojn\u00eb t\u00eb punojn\u00eb me p\u00ebrkushtim, t\u00eb \u00ebnd\u00ebrrojn\u00eb dhe t\u00eb besojn\u00eb n\u00eb fuqin\u00eb e artit p\u00ebr t\u00eb ndryshuar perceptime.<\/p>\n<p>Benjamin Menekshe shprehu fal\u00ebnderime t\u00eb ve\u00e7anta p\u00ebr t\u00eb gjith\u00eb ata q\u00eb kontribuuan n\u00eb realizimin e dokumentarit:<\/p>\n<p><em>\u201cDua t\u00eb fal\u00ebnderoj t\u00eb gjith\u00eb pjes\u00ebmarr\u00ebsit, intervistuesit dhe \u00e7do person q\u00eb ndau koh\u00ebn, tregimet dhe zemr\u00ebn e tij me ne. Pa ta, ky film nuk do t\u00eb ekzistonte. Ky \u00e7mim u takon atyre \u2013 dhe \u00e7do t\u00eb riu q\u00eb guxon t\u00eb tregoj\u00eb historin\u00eb e vet.\u201d<\/em><\/p>\n<p>Ky sukses sh\u00ebnon nj\u00eb moment t\u00eb r\u00ebnd\u00ebsish\u00ebm p\u00ebr kultur\u00ebn rome n\u00eb Kosov\u00eb dhe d\u00ebshmon fuqin\u00eb e artit si ur\u00eb lidh\u00ebse mes komuniteteve dhe brezave.<\/p>","protected":false},"excerpt":{"rendered":"<p>\u201cHoro Ano Boro \/ Vall\u00ebzimi n\u00eb Oborr\u201d fiton \u00e7mim n\u00eb Berlin \u2013 Nj\u00eb sukses p\u00ebr kultur\u00ebn dhe artin rom nga Kosova Filmi dokumentar \u201cHoro Ano Boro \/ Vall\u00ebzimi n\u00eb Oborr\u201d ka marr\u00eb \u00e7mim n\u00eb AKE DIKHEA? Festival 2025 n\u00eb Berlin, nj\u00eb prej festivaleve m\u00eb t\u00eb r\u00ebnd\u00ebsishme q\u00eb promovon artin dhe z\u00ebrat e komuniteteve rome n\u00eb&#8230;<\/p>","protected":false},"author":1,"featured_media":13092,"comment_status":"open","ping_status":"open","sticky":false,"template":"","format":"standard","meta":{"footnotes":""},"categories":[1],"tags":[],"class_list":["post-13091","post","type-post","status-publish","format-standard","has-post-thumbnail","hentry","category-aktualune-nevipya"],"aioseo_notices":[],"_links":{"self":[{"href":"https:\/\/radioromanoavazo.com\/en\/wp-json\/wp\/v2\/posts\/13091","targetHints":{"allow":["GET"]}}],"collection":[{"href":"https:\/\/radioromanoavazo.com\/en\/wp-json\/wp\/v2\/posts"}],"about":[{"href":"https:\/\/radioromanoavazo.com\/en\/wp-json\/wp\/v2\/types\/post"}],"author":[{"embeddable":true,"href":"https:\/\/radioromanoavazo.com\/en\/wp-json\/wp\/v2\/users\/1"}],"replies":[{"embeddable":true,"href":"https:\/\/radioromanoavazo.com\/en\/wp-json\/wp\/v2\/comments?post=13091"}],"version-history":[{"count":1,"href":"https:\/\/radioromanoavazo.com\/en\/wp-json\/wp\/v2\/posts\/13091\/revisions"}],"predecessor-version":[{"id":13093,"href":"https:\/\/radioromanoavazo.com\/en\/wp-json\/wp\/v2\/posts\/13091\/revisions\/13093"}],"wp:featuredmedia":[{"embeddable":true,"href":"https:\/\/radioromanoavazo.com\/en\/wp-json\/wp\/v2\/media\/13092"}],"wp:attachment":[{"href":"https:\/\/radioromanoavazo.com\/en\/wp-json\/wp\/v2\/media?parent=13091"}],"wp:term":[{"taxonomy":"category","embeddable":true,"href":"https:\/\/radioromanoavazo.com\/en\/wp-json\/wp\/v2\/categories?post=13091"},{"taxonomy":"post_tag","embeddable":true,"href":"https:\/\/radioromanoavazo.com\/en\/wp-json\/wp\/v2\/tags?post=13091"}],"curies":[{"name":"wp","href":"https:\/\/api.w.org\/{rel}","templated":true}]}}